{"id":9480,"date":"2024-11-07T14:09:39","date_gmt":"2024-11-07T12:09:39","guid":{"rendered":"https:\/\/www.alutec.es\/?p=9480"},"modified":"2024-11-07T14:40:51","modified_gmt":"2024-11-07T12:40:51","slug":"feria-interihotel-madrid","status":"publish","type":"post","link":"https:\/\/www.alutec.es\/fr\/feria-interihotel-madrid\/","title":{"rendered":"SALON INTERIHOTEL MADRID"},"content":{"rendered":"\n<p>STAND L14B<\/p>\n\n<p>Interihotel Madrid, un \u00e9v\u00e9nement catalyseur dans l&rsquo;univers de la conception d&rsquo;h\u00f4tels et de restaurants qui rassemble les professionnels du secteur pour inspirer la beaut\u00e9, la sensibilisation et l&rsquo;innovation dans l&rsquo;industrie, aura lieu du 19 au 21 novembre.<\/p>\n\n<p>Chaque \u00e9dition rassemble des designers, des h\u00f4teliers et des restaurateurs, des marques, des provocateurs et des agents de changement pour trouver de nouvelles r\u00e9ponses. Interihotel est con\u00e7u dans le but d&rsquo;offrir \u00e0 nos visiteurs la possibilit\u00e9 de s&rsquo;arr\u00eater et d&rsquo;\u00eatre inspir\u00e9s, de se connecter et de r\u00e9fl\u00e9chir.<\/p>\n\n<p>Vous pouvez t\u00e9l\u00e9charger vos billets<a href=\"https:\/\/inscripcion.interihotel.com\/interihotelMadrid2024\/es\/register\/RegisterPage\/InscripcionWeb?InvitationGuid=E3AA266B-3794-441A-B41E-372471654B04\"> ici<\/a>. Nous nous r\u00e9jouissons de vous voir au stand L14B !<\/p>\n","protected":false},"excerpt":{"rendered":"<p>STAND L14B Interihotel Madrid, un \u00e9v\u00e9nement catalyseur dans l&rsquo;univers de la conception d&rsquo;h\u00f4tels et de restaurants qui rassemble les professionnels du secteur pour inspirer la beaut\u00e9, la sensibilisation et l&rsquo;innovation dans l&rsquo;industrie, aura lieu du 19 au 21 novembre. Chaque \u00e9dition rassemble des designers, des h\u00f4teliers et des restaurateurs, des marques, des provocateurs et des&hellip;<\/p>\n","protected":false},"author":103,"featured_media":9478,"comment_status":"closed","ping_status":"closed","sticky":false,"template":"","format":"standard","meta":{"footnotes":""},"categories":[4],"tags":[],"acf":[],"yoast_head":"<!-- This site is optimized with the Yoast SEO plugin v22.7 - https:\/\/yoast.com\/wordpress\/plugins\/seo\/ -->\n<title>SALON INTERIHOTEL MADRID - Alutec<\/title>\n<meta name=\"description\" content=\"Dans cette \u00e9dition, nous vous pr\u00e9sentons en exclusivit\u00e9 deux collections tr\u00e8s diff\u00e9rentes l&#039;une de l&#039;autre, fruit de la collaboration avec deux grands architectes d&#039;int\u00e9rieur.\" \/>\n<meta name=\"robots\" content=\"index, follow, max-snippet:-1, max-image-preview:large, max-video-preview:-1\" \/>\n<link rel=\"canonical\" href=\"https:\/\/www.alutec.es\/fr\/feria-interihotel-madrid\/\" \/>\n<meta property=\"og:locale\" content=\"fr_FR\" \/>\n<meta property=\"og:type\" content=\"article\" \/>\n<meta property=\"og:title\" content=\"SALON INTERIHOTEL MADRID - Alutec\" \/>\n<meta property=\"og:description\" content=\"Dans cette \u00e9dition, nous vous pr\u00e9sentons en exclusivit\u00e9 deux collections tr\u00e8s diff\u00e9rentes l&#039;une de l&#039;autre, fruit de la collaboration avec deux grands architectes d&#039;int\u00e9rieur.\" \/>\n<meta property=\"og:url\" content=\"https:\/\/www.alutec.es\/fr\/feria-interihotel-madrid\/\" \/>\n<meta property=\"og:site_name\" content=\"Alutec\" \/>\n<meta property=\"article:published_time\" content=\"2024-11-07T12:09:39+00:00\" \/>\n<meta property=\"article:modified_time\" content=\"2024-11-07T12:40:51+00:00\" \/>\n<meta property=\"og:image\" content=\"https:\/\/www.alutec.es\/wp-content\/uploads\/2024\/11\/in24.jpg\" \/>\n\t<meta property=\"og:image:width\" content=\"1115\" \/>\n\t<meta property=\"og:image:height\" content=\"844\" \/>\n\t<meta property=\"og:image:type\" content=\"image\/jpeg\" \/>\n<meta name=\"author\" content=\"Carmen\" \/>\n<meta name=\"twitter:card\" content=\"summary_large_image\" \/>\n<meta name=\"twitter:label1\" content=\"\u00c9crit par\" \/>\n\t<meta name=\"twitter:data1\" content=\"Carmen\" \/>\n\t<meta name=\"twitter:label2\" content=\"Dur\u00e9e de lecture estim\u00e9e\" \/>\n\t<meta name=\"twitter:data2\" content=\"1 minute\" \/>\n<script type=\"application\/ld+json\" class=\"yoast-schema-graph\">{\"@context\":\"https:\/\/schema.org\",\"@graph\":[{\"@type\":\"WebPage\",\"@id\":\"https:\/\/www.alutec.es\/fr\/feria-interihotel-madrid\/\",\"url\":\"https:\/\/www.alutec.es\/fr\/feria-interihotel-madrid\/\",\"name\":\"SALON INTERIHOTEL MADRID - Alutec\",\"isPartOf\":{\"@id\":\"https:\/\/www.alutec.es\/fr\/#website\"},\"primaryImageOfPage\":{\"@id\":\"https:\/\/www.alutec.es\/fr\/feria-interihotel-madrid\/#primaryimage\"},\"image\":{\"@id\":\"https:\/\/www.alutec.es\/fr\/feria-interihotel-madrid\/#primaryimage\"},\"thumbnailUrl\":\"https:\/\/www.alutec.es\/wp-content\/uploads\/2024\/11\/in24.jpg\",\"datePublished\":\"2024-11-07T12:09:39+00:00\",\"dateModified\":\"2024-11-07T12:40:51+00:00\",\"author\":{\"@id\":\"https:\/\/www.alutec.es\/fr\/#\/schema\/person\/f74504b08d9e472c60c4c556a5b53951\"},\"description\":\"Dans cette \u00e9dition, nous vous pr\u00e9sentons en exclusivit\u00e9 deux collections tr\u00e8s diff\u00e9rentes l'une de l'autre, fruit de la collaboration avec deux grands architectes d'int\u00e9rieur.\",\"breadcrumb\":{\"@id\":\"https:\/\/www.alutec.es\/fr\/feria-interihotel-madrid\/#breadcrumb\"},\"inLanguage\":\"fr-FR\",\"potentialAction\":[{\"@type\":\"ReadAction\",\"target\":[\"https:\/\/www.alutec.es\/fr\/feria-interihotel-madrid\/\"]}]},{\"@type\":\"ImageObject\",\"inLanguage\":\"fr-FR\",\"@id\":\"https:\/\/www.alutec.es\/fr\/feria-interihotel-madrid\/#primaryimage\",\"url\":\"https:\/\/www.alutec.es\/wp-content\/uploads\/2024\/11\/in24.jpg\",\"contentUrl\":\"https:\/\/www.alutec.es\/wp-content\/uploads\/2024\/11\/in24.jpg\",\"width\":1115,\"height\":844},{\"@type\":\"BreadcrumbList\",\"@id\":\"https:\/\/www.alutec.es\/fr\/feria-interihotel-madrid\/#breadcrumb\",\"itemListElement\":[{\"@type\":\"ListItem\",\"position\":1,\"name\":\"Page de garde\",\"item\":\"https:\/\/www.alutec.es\/fr\/home\/\"},{\"@type\":\"ListItem\",\"position\":2,\"name\":\"SALON INTERIHOTEL MADRID\"}]},{\"@type\":\"WebSite\",\"@id\":\"https:\/\/www.alutec.es\/fr\/#website\",\"url\":\"https:\/\/www.alutec.es\/fr\/\",\"name\":\"Alutec\",\"description\":\"Conception et fabrication de chaises, tabourets et tables.\",\"potentialAction\":[{\"@type\":\"SearchAction\",\"target\":{\"@type\":\"EntryPoint\",\"urlTemplate\":\"https:\/\/www.alutec.es\/fr\/?s={search_term_string}\"},\"query-input\":\"required name=search_term_string\"}],\"inLanguage\":\"fr-FR\"},{\"@type\":\"Person\",\"@id\":\"https:\/\/www.alutec.es\/fr\/#\/schema\/person\/f74504b08d9e472c60c4c556a5b53951\",\"name\":\"Carmen\",\"url\":\"https:\/\/www.alutec.es\/fr\/author\/carmen\/\"}]}<\/script>\n<!-- \/ Yoast SEO plugin. -->","yoast_head_json":{"title":"SALON INTERIHOTEL MADRID - Alutec","description":"Dans cette \u00e9dition, nous vous pr\u00e9sentons en exclusivit\u00e9 deux collections tr\u00e8s diff\u00e9rentes l'une de l'autre, fruit de la collaboration avec deux grands architectes d'int\u00e9rieur.","robots":{"index":"index","follow":"follow","max-snippet":"max-snippet:-1","max-image-preview":"max-image-preview:large","max-video-preview":"max-video-preview:-1"},"canonical":"https:\/\/www.alutec.es\/fr\/feria-interihotel-madrid\/","og_locale":"fr_FR","og_type":"article","og_title":"SALON INTERIHOTEL MADRID - Alutec","og_description":"Dans cette \u00e9dition, nous vous pr\u00e9sentons en exclusivit\u00e9 deux collections tr\u00e8s diff\u00e9rentes l'une de l'autre, fruit de la collaboration avec deux grands architectes d'int\u00e9rieur.","og_url":"https:\/\/www.alutec.es\/fr\/feria-interihotel-madrid\/","og_site_name":"Alutec","article_published_time":"2024-11-07T12:09:39+00:00","article_modified_time":"2024-11-07T12:40:51+00:00","og_image":[{"width":1115,"height":844,"url":"https:\/\/www.alutec.es\/wp-content\/uploads\/2024\/11\/in24.jpg","type":"image\/jpeg"}],"author":"Carmen","twitter_card":"summary_large_image","twitter_misc":{"\u00c9crit par":"Carmen","Dur\u00e9e de lecture estim\u00e9e":"1 minute"},"schema":{"@context":"https:\/\/schema.org","@graph":[{"@type":"WebPage","@id":"https:\/\/www.alutec.es\/fr\/feria-interihotel-madrid\/","url":"https:\/\/www.alutec.es\/fr\/feria-interihotel-madrid\/","name":"SALON INTERIHOTEL MADRID - Alutec","isPartOf":{"@id":"https:\/\/www.alutec.es\/fr\/#website"},"primaryImageOfPage":{"@id":"https:\/\/www.alutec.es\/fr\/feria-interihotel-madrid\/#primaryimage"},"image":{"@id":"https:\/\/www.alutec.es\/fr\/feria-interihotel-madrid\/#primaryimage"},"thumbnailUrl":"https:\/\/www.alutec.es\/wp-content\/uploads\/2024\/11\/in24.jpg","datePublished":"2024-11-07T12:09:39+00:00","dateModified":"2024-11-07T12:40:51+00:00","author":{"@id":"https:\/\/www.alutec.es\/fr\/#\/schema\/person\/f74504b08d9e472c60c4c556a5b53951"},"description":"Dans cette \u00e9dition, nous vous pr\u00e9sentons en exclusivit\u00e9 deux collections tr\u00e8s diff\u00e9rentes l'une de l'autre, fruit de la collaboration avec deux grands architectes d'int\u00e9rieur.","breadcrumb":{"@id":"https:\/\/www.alutec.es\/fr\/feria-interihotel-madrid\/#breadcrumb"},"inLanguage":"fr-FR","potentialAction":[{"@type":"ReadAction","target":["https:\/\/www.alutec.es\/fr\/feria-interihotel-madrid\/"]}]},{"@type":"ImageObject","inLanguage":"fr-FR","@id":"https:\/\/www.alutec.es\/fr\/feria-interihotel-madrid\/#primaryimage","url":"https:\/\/www.alutec.es\/wp-content\/uploads\/2024\/11\/in24.jpg","contentUrl":"https:\/\/www.alutec.es\/wp-content\/uploads\/2024\/11\/in24.jpg","width":1115,"height":844},{"@type":"BreadcrumbList","@id":"https:\/\/www.alutec.es\/fr\/feria-interihotel-madrid\/#breadcrumb","itemListElement":[{"@type":"ListItem","position":1,"name":"Page de garde","item":"https:\/\/www.alutec.es\/fr\/home\/"},{"@type":"ListItem","position":2,"name":"SALON INTERIHOTEL MADRID"}]},{"@type":"WebSite","@id":"https:\/\/www.alutec.es\/fr\/#website","url":"https:\/\/www.alutec.es\/fr\/","name":"Alutec","description":"Conception et fabrication de chaises, tabourets et tables.","potentialAction":[{"@type":"SearchAction","target":{"@type":"EntryPoint","urlTemplate":"https:\/\/www.alutec.es\/fr\/?s={search_term_string}"},"query-input":"required name=search_term_string"}],"inLanguage":"fr-FR"},{"@type":"Person","@id":"https:\/\/www.alutec.es\/fr\/#\/schema\/person\/f74504b08d9e472c60c4c556a5b53951","name":"Carmen","url":"https:\/\/www.alutec.es\/fr\/author\/carmen\/"}]}},"_links":{"self":[{"href":"https:\/\/www.alutec.es\/fr\/wp-json\/wp\/v2\/posts\/9480"}],"collection":[{"href":"https:\/\/www.alutec.es\/fr\/wp-json\/wp\/v2\/posts"}],"about":[{"href":"https:\/\/www.alutec.es\/fr\/wp-json\/wp\/v2\/types\/post"}],"author":[{"embeddable":true,"href":"https:\/\/www.alutec.es\/fr\/wp-json\/wp\/v2\/users\/103"}],"replies":[{"embeddable":true,"href":"https:\/\/www.alutec.es\/fr\/wp-json\/wp\/v2\/comments?post=9480"}],"version-history":[{"count":4,"href":"https:\/\/www.alutec.es\/fr\/wp-json\/wp\/v2\/posts\/9480\/revisions"}],"predecessor-version":[{"id":9499,"href":"https:\/\/www.alutec.es\/fr\/wp-json\/wp\/v2\/posts\/9480\/revisions\/9499"}],"wp:featuredmedia":[{"embeddable":true,"href":"https:\/\/www.alutec.es\/fr\/wp-json\/wp\/v2\/media\/9478"}],"wp:attachment":[{"href":"https:\/\/www.alutec.es\/fr\/wp-json\/wp\/v2\/media?parent=9480"}],"wp:term":[{"taxonomy":"category","embeddable":true,"href":"https:\/\/www.alutec.es\/fr\/wp-json\/wp\/v2\/categories?post=9480"},{"taxonomy":"post_tag","embeddable":true,"href":"https:\/\/www.alutec.es\/fr\/wp-json\/wp\/v2\/tags?post=9480"}],"curies":[{"name":"wp","href":"https:\/\/api.w.org\/{rel}","templated":true}]}}